{"id":657,"date":"2026-03-09T12:23:58","date_gmt":"2026-03-09T15:23:58","guid":{"rendered":"https:\/\/emeiefprada.com.br\/?p=657"},"modified":"2026-03-09T12:23:58","modified_gmt":"2026-03-09T15:23:58","slug":"agostinho-prada","status":"publish","type":"post","link":"https:\/\/emeiefprada.com.br\/?p=657","title":{"rendered":"agostinho prada"},"content":{"rendered":"\n<p>Em 1898 chega a Limeira o menino Agostino Prada com 13 anos de idade, nascido em 02 de abril de 1885, na ComunediMadrano, Prov\u00edncia de Trento, que fazia parte do Imp\u00e9rio Austro- H\u00fangaro, sendo o ca\u00e7ula do casal Giuseppe Prada e Anna Baitella. Eram irm\u00e3os de Agostino, que passa a se chamar Agostinho Prada, no Brasil: Giuseppe Francesco, Domenico, Marietta, Fortuna, Rosa e Afra.<\/p>\n\n\n\n<figure class=\"wp-block-image aligncenter size-full is-resized\"><img fetchpriority=\"high\" decoding=\"async\" width=\"354\" height=\"479\" src=\"http:\/\/emeiefprada.com.br\/wp-content\/uploads\/2025\/07\/foto_23_141.jpg\" alt=\"\" class=\"wp-image-253\" style=\"aspect-ratio:0.7390793723289727;width:494px;height:auto\" srcset=\"https:\/\/emeiefprada.com.br\/wp-content\/uploads\/2025\/07\/foto_23_141.jpg 354w, https:\/\/emeiefprada.com.br\/wp-content\/uploads\/2025\/07\/foto_23_141-222x300.jpg 222w\" sizes=\"(max-width: 354px) 100vw, 354px\" \/><\/figure>\n\n\n\n<p>Agostinho que veio a chamado do irm\u00e3o Jos\u00e9 come\u00e7a a trabalhar no armaz\u00e9m da firma \u201cM. Prada &amp; Companhia\u201d. A inclina\u00e7\u00e3o do jovem demonstrada pelo com\u00e9rcio e sua acentuada queda para os neg\u00f3cios, era o que todos notavam naquele adolescente.<\/p>\n\n\n\n<p>No ano de 1901, Agostinho j\u00e1 era aceito como interessado na firma M. Prada &amp; Cia., que se dedicava ent\u00e3o \u00e0 importa\u00e7\u00e3o e com\u00e9rcio. Neste ano o s\u00f3cio Jos\u00e9 e fam\u00edlia viajam para a It\u00e1lia, em visita aos pais, deixando Agostinho na ger\u00eancia dos neg\u00f3cios; na volta do irm\u00e3o, \u00e9 Agostinho que vai agora para a Europa.<\/p>\n\n\n\n<p>Em 1903, Agostinho passa a ser o chefe das empresas dos Prada, sendo admitido com o s\u00f3cio. Em 1905 passa a ser o \u00fanico dono.<\/p>\n\n\n\n<p>Neste mesmo ano, passa a ser acionista da sociedade que explorava o servi\u00e7o de eletricidade da cidade. Adquire carro, im\u00f3vel e vai expandindo seus neg\u00f3cios em Limeira.<\/p>\n\n\n\n<p>Em 1907 \u00e9 ampliada tamb\u00e9m a pequena ind\u00fastria de chap\u00e9us de pelo j\u00e1 existente na rua Bar\u00e3o de Cascalho, transferindo-se para o grande quintal de sua resid\u00eancia,\u00a0 com 30 empregados iniciais, que pode ser chamada a primeira grande ind\u00fastria de Limeira; da\u00ed o Sr. Agostinho Prada ser considerado como o \u201cPrecursor da ind\u00fastria limeirense\u201d.<\/p>\n\n\n\n<p>Ao correr do ano de 1929, por conveni\u00eancia administrativa do propriet\u00e1rio, a f\u00e1brica de chap\u00e9us muda-se de Limeira para S\u00e3o Paulo.<\/p>\n\n\n\n<p>Em 1935, a ind\u00fastria de chap\u00e9us Prada retorna \u00e0 Limeira, ap\u00f3s a aquisi\u00e7\u00e3o de uma cong\u00eanere, a Chap\u00e9us Fontana. Com a jun\u00e7\u00e3o dessas duas ind\u00fastrias, a Cia. Prada passa a ser a maior fabricante de chap\u00e9us de pelo, l\u00e3, palha e feltro da Am\u00e9rica Latina.<\/p>\n\n\n\n<p>Em 1939, s\u00e3o inauguradas as novas instala\u00e7\u00f5es para a ind\u00fastria de chap\u00e9us, \u00e0 rua Dr. Alberto Ferreira.<\/p>\n\n\n\n<p>Em 1941, a S.A. Companhia Prada passa a se denominar Cia. Prada Ind\u00fastria e Com\u00e9rcio.<\/p>\n\n\n\n<p> Em 1944 \u00e9 criada, pelo Grupo, a Funda\u00e7\u00e3o Prada.<\/p>\n\n\n\n<p>No ano de 1947 \u00e9 inaugurado o \u201cGrupo Escolar Prada\u201d, defronte \u00e0 Ind\u00fastria, que seria depois doado ao munic\u00edpio. Em 1949, termina a constru\u00e7\u00e3o da modelar creche \u201cDona Cl\u00e9lia Prada\u201d (a primeira do g\u00eanero institu\u00edda na cidade), promovida com recursos da Funda\u00e7\u00e3o Prada.<\/p>\n\n\n\n<p>Funda-se, em 1954, ao lado do grupo escolar, o Jardim da Inf\u00e2ncia Dona \u00cdris Della Chiesa, sendo homenageada esposa de um grande amigo e colaborador do senhor Agostinho.<\/p>\n\n\n\n<p>Constr\u00f3i tamb\u00e9m um est\u00e1dio de futebol e um clube s\u00f3cio esportivo para os empregados.<\/p>\n\n\n\n<p>Em 1956, a C\u00e2mara Municipal lhe outorga o t\u00edtulo de \u201cCidad\u00e3o Limeirense\u201d.<\/p>\n\n\n\n<p>Em 1971, o Comendador recebe a medalha \u201cMarechal Rondon\u201d, do governo brasileiro.<\/p>\n\n\n\n<p>O Sr. Agostinho Prada morre em 07 de fevereiro de 1975, com 89 anos de idade.<\/p>\n\n\n\n<p>Empres\u00e1rio de grande vis\u00e3o deixou not\u00e1veis obras. Quando o problema do oper\u00e1rio era mais policial que social, constr\u00f3i uma f\u00e1brica, em meio de um jardim, que viria a ser a maior f\u00e1brica de chap\u00e9us da Am\u00e9rica Latina; quando o problema da crian\u00e7a era a menina dos olhos somente dos pa\u00edses mais avan\u00e7ados do mundo, constr\u00f3i uma creche em moldes modernos, com assist\u00eancia m\u00e9dica e alimentar para os filhos menores de seus funcion\u00e1rios, a fim de que suas m\u00e3es oper\u00e1rias pudessem trabalhar com tranquilidade.<\/p>\n","protected":false},"excerpt":{"rendered":"<p>Em 1898 chega a Limeira o menino Agostino Prada com 13 anos de idade, nascido em 02 de abril de 1885, na ComunediMadrano, Prov\u00edncia de Trento, que fazia parte do Imp\u00e9rio Austro- H\u00fangaro, sendo o ca\u00e7ula do casal Giuseppe Prada e Anna Baitella. Eram irm\u00e3os de Agostino, que passa a se chamar Agostinho Prada, no&hellip;<\/p>\n","protected":false},"author":1,"featured_media":0,"comment_status":"open","ping_status":"open","sticky":false,"template":"","format":"standard","meta":{"footnotes":""},"categories":[1],"tags":[],"class_list":["post-657","post","type-post","status-publish","format-standard","hentry","category-sem-categoria"],"_links":{"self":[{"href":"https:\/\/emeiefprada.com.br\/index.php?rest_route=\/wp\/v2\/posts\/657","targetHints":{"allow":["GET"]}}],"collection":[{"href":"https:\/\/emeiefprada.com.br\/index.php?rest_route=\/wp\/v2\/posts"}],"about":[{"href":"https:\/\/emeiefprada.com.br\/index.php?rest_route=\/wp\/v2\/types\/post"}],"author":[{"embeddable":true,"href":"https:\/\/emeiefprada.com.br\/index.php?rest_route=\/wp\/v2\/users\/1"}],"replies":[{"embeddable":true,"href":"https:\/\/emeiefprada.com.br\/index.php?rest_route=%2Fwp%2Fv2%2Fcomments&post=657"}],"version-history":[{"count":1,"href":"https:\/\/emeiefprada.com.br\/index.php?rest_route=\/wp\/v2\/posts\/657\/revisions"}],"predecessor-version":[{"id":658,"href":"https:\/\/emeiefprada.com.br\/index.php?rest_route=\/wp\/v2\/posts\/657\/revisions\/658"}],"wp:attachment":[{"href":"https:\/\/emeiefprada.com.br\/index.php?rest_route=%2Fwp%2Fv2%2Fmedia&parent=657"}],"wp:term":[{"taxonomy":"category","embeddable":true,"href":"https:\/\/emeiefprada.com.br\/index.php?rest_route=%2Fwp%2Fv2%2Fcategories&post=657"},{"taxonomy":"post_tag","embeddable":true,"href":"https:\/\/emeiefprada.com.br\/index.php?rest_route=%2Fwp%2Fv2%2Ftags&post=657"}],"curies":[{"name":"wp","href":"https:\/\/api.w.org\/{rel}","templated":true}]}}